{"id":6509,"date":"2016-01-05T15:26:06","date_gmt":"2016-01-05T14:26:06","guid":{"rendered":"https:\/\/www.oc-jahorina.com\/?p=6509"},"modified":"2016-01-06T10:21:21","modified_gmt":"2016-01-06T09:21:21","slug":"radno-vrijeme-vertikalnog-transporta-07-01-2016","status":"publish","type":"post","link":"https:\/\/www.oc-jahorina.com\/en\/radno-vrijeme-vertikalnog-transporta-07-01-2016\/","title":{"rendered":"Radno vrijeme vertikalnog transporta 07.01.2016."},"content":{"rendered":"<p><\/p>\n<p>Obavje\u0161tenje: Zbog bo\u017ei\u0107nog praznika vertikalni transport \u0107e 07.01.2016. po\u010deti sa radom u 10:00 \u010dasova i bi\u0107e u funkciji do 16.00 \u010dasova.\u00a0<\/p>\n<p>&nbsp;<\/p>\n<p>&nbsp;<\/p>\n<p><\/p>","protected":false},"excerpt":{"rendered":"<p>Obavje\u0161tenje: Zbog bo\u017ei\u0107nog praznika vertikalni transport \u0107e 07.01.2016. po\u010deti sa radom u 10:00 \u010dasova i bi\u0107e u funkciji do 16.00 \u010dasova.\u00a0 &nbsp; &nbsp;<\/p>\n","protected":false},"author":2,"featured_media":6510,"comment_status":"closed","ping_status":"closed","sticky":false,"template":"","format":"standard","meta":{"_monsterinsights_skip_tracking":false,"_monsterinsights_sitenote_active":false,"_monsterinsights_sitenote_note":"","_monsterinsights_sitenote_category":0,"_price":"","_stock":"","_tribe_ticket_header":"","_tribe_default_ticket_provider":"","_ticket_start_date":"","_ticket_end_date":"","_tribe_ticket_show_description":"","_tribe_ticket_show_not_going":false,"_tribe_ticket_use_global_stock":"","_tribe_ticket_global_stock_level":"","_global_stock_mode":"","_global_stock_cap":"","_tribe_rsvp_for_event":"","_tribe_ticket_going_count":"","_tribe_ticket_not_going_count":"","_tribe_tickets_list":"[]","_tribe_ticket_has_attendee_info_fields":false,"footnotes":""},"categories":[31],"tags":[393,35,171,41,297,394,165],"class_list":["post-6509","post","type-post","status-publish","format-standard","has-post-thumbnail","hentry","category-vijesti","tag-bozic","tag-jahorina","tag-oc-jahorina","tag-olimpijski-centar","tag-praznik","tag-radno-vrijeme","tag-sestosjed"],"_links":{"self":[{"href":"https:\/\/www.oc-jahorina.com\/en\/wp-json\/wp\/v2\/posts\/6509","targetHints":{"allow":["GET"]}}],"collection":[{"href":"https:\/\/www.oc-jahorina.com\/en\/wp-json\/wp\/v2\/posts"}],"about":[{"href":"https:\/\/www.oc-jahorina.com\/en\/wp-json\/wp\/v2\/types\/post"}],"author":[{"embeddable":true,"href":"https:\/\/www.oc-jahorina.com\/en\/wp-json\/wp\/v2\/users\/2"}],"replies":[{"embeddable":true,"href":"https:\/\/www.oc-jahorina.com\/en\/wp-json\/wp\/v2\/comments?post=6509"}],"version-history":[{"count":2,"href":"https:\/\/www.oc-jahorina.com\/en\/wp-json\/wp\/v2\/posts\/6509\/revisions"}],"predecessor-version":[{"id":6519,"href":"https:\/\/www.oc-jahorina.com\/en\/wp-json\/wp\/v2\/posts\/6509\/revisions\/6519"}],"wp:featuredmedia":[{"embeddable":true,"href":"https:\/\/www.oc-jahorina.com\/en\/wp-json\/wp\/v2\/media\/6510"}],"wp:attachment":[{"href":"https:\/\/www.oc-jahorina.com\/en\/wp-json\/wp\/v2\/media?parent=6509"}],"wp:term":[{"taxonomy":"category","embeddable":true,"href":"https:\/\/www.oc-jahorina.com\/en\/wp-json\/wp\/v2\/categories?post=6509"},{"taxonomy":"post_tag","embeddable":true,"href":"https:\/\/www.oc-jahorina.com\/en\/wp-json\/wp\/v2\/tags?post=6509"}],"curies":[{"name":"wp","href":"https:\/\/api.w.org\/{rel}","templated":true}]}}