{"id":7053,"date":"2016-03-22T12:32:40","date_gmt":"2016-03-22T11:32:40","guid":{"rendered":"https:\/\/www.oc-jahorina.com\/?p=7053"},"modified":"2016-03-22T12:32:40","modified_gmt":"2016-03-22T11:32:40","slug":"sedma-zimska-skola-pedagoga-u-hotelu-bistrica-od-25-03-do-27-03-2016","status":"publish","type":"post","link":"https:\/\/www.oc-jahorina.com\/en\/sedma-zimska-skola-pedagoga-u-hotelu-bistrica-od-25-03-do-27-03-2016\/","title":{"rendered":"SEDMA ZIMSKA \u0160KOLA PEDAGOGA U HOTELU &#8220;BISTRICA&#8221; OD 25.03. DO 27.03.2016."},"content":{"rendered":"<p><\/p>\n<p><a href=\"https:\/\/www.oc-jahorina.com\/wp-content\/uploads\/2016\/03\/sala-za-rad.jpg\" rel=\"attachment wp-att-7054\"><img fetchpriority=\"high\" decoding=\"async\" class=\"alignnone size-full wp-image-7054\" src=\"https:\/\/www.oc-jahorina.com\/wp-content\/uploads\/2016\/03\/sala-za-rad.jpg\" alt=\"sala za rad\" width=\"2848\" height=\"2136\" srcset=\"https:\/\/www.oc-jahorina.com\/wp-content\/uploads\/2016\/03\/sala-za-rad.jpg 2848w, https:\/\/www.oc-jahorina.com\/wp-content\/uploads\/2016\/03\/sala-za-rad-300x225.jpg 300w, https:\/\/www.oc-jahorina.com\/wp-content\/uploads\/2016\/03\/sala-za-rad-768x576.jpg 768w, https:\/\/www.oc-jahorina.com\/wp-content\/uploads\/2016\/03\/sala-za-rad-1024x768.jpg 1024w\" sizes=\"(max-width:767px) 480px, (max-width:2848px) 100vw, 2848px\" \/><\/a><\/p>\n<p>&nbsp;<\/p>\n<p>Republi\u010dki pedago\u0161ki zavod i Dru\u0161tvo pedagoga Republike Srpske, uz saglasnost Ministarstva prosvjete i kulture Republike Srpske, \u00a0organizuje seminar za direktore i pedagoge osnovnih \u0161kola i pred\u0161kolskih ustanova pod nazivom \u201eZimska \u0161kola direktora i pedagoga\u201c. Tema seminara je \u201eDarovita i talentovana djeca i mladi u vaspitno-obrazovnom procesu.\u201c Seminar je dio sveukupnog kontinuiranog stru\u010dnog usavr\u0161avanja direktora i pedagoga koje \u0107e se odvijati u narednom periodu, a \u0161to je Zakonska obaveza svih prosvjetnih radnika.\u00a0<br \/>\n Seminar se odr\u017eava od 25.03. do 27.03.2016. na Jahorini u hotelu &#8220;Bistrica&#8221;\u00a0<\/p>\n<p>&nbsp;<\/p>\n<p>&nbsp;<\/p>\n<p><\/p>","protected":false},"excerpt":{"rendered":"<p>&nbsp; Republi\u010dki pedago\u0161ki zavod i Dru\u0161tvo pedagoga Republike Srpske, uz saglasnost Ministarstva prosvjete i kulture Republike Srpske, \u00a0organizuje seminar za direktore i pedagoge osnovnih \u0161kola i<span class=\"excerpt-hellip\"> [\u2026]<\/span><\/p>\n","protected":false},"author":2,"featured_media":7054,"comment_status":"closed","ping_status":"closed","sticky":false,"template":"","format":"standard","meta":{"_monsterinsights_skip_tracking":false,"_monsterinsights_sitenote_active":false,"_monsterinsights_sitenote_note":"","_monsterinsights_sitenote_category":0,"_price":"","_stock":"","_tribe_ticket_header":"","_tribe_default_ticket_provider":"","_ticket_start_date":"","_ticket_end_date":"","_tribe_ticket_show_description":"","_tribe_ticket_show_not_going":false,"_tribe_ticket_use_global_stock":"","_tribe_ticket_global_stock_level":"","_global_stock_mode":"","_global_stock_cap":"","_tribe_rsvp_for_event":"","_tribe_ticket_going_count":"","_tribe_ticket_not_going_count":"","_tribe_tickets_list":"[]","_tribe_ticket_has_attendee_info_fields":false,"footnotes":""},"categories":[31],"tags":[],"class_list":["post-7053","post","type-post","status-publish","format-standard","has-post-thumbnail","hentry","category-vijesti"],"_links":{"self":[{"href":"https:\/\/www.oc-jahorina.com\/en\/wp-json\/wp\/v2\/posts\/7053","targetHints":{"allow":["GET"]}}],"collection":[{"href":"https:\/\/www.oc-jahorina.com\/en\/wp-json\/wp\/v2\/posts"}],"about":[{"href":"https:\/\/www.oc-jahorina.com\/en\/wp-json\/wp\/v2\/types\/post"}],"author":[{"embeddable":true,"href":"https:\/\/www.oc-jahorina.com\/en\/wp-json\/wp\/v2\/users\/2"}],"replies":[{"embeddable":true,"href":"https:\/\/www.oc-jahorina.com\/en\/wp-json\/wp\/v2\/comments?post=7053"}],"version-history":[{"count":1,"href":"https:\/\/www.oc-jahorina.com\/en\/wp-json\/wp\/v2\/posts\/7053\/revisions"}],"predecessor-version":[{"id":7055,"href":"https:\/\/www.oc-jahorina.com\/en\/wp-json\/wp\/v2\/posts\/7053\/revisions\/7055"}],"wp:featuredmedia":[{"embeddable":true,"href":"https:\/\/www.oc-jahorina.com\/en\/wp-json\/wp\/v2\/media\/7054"}],"wp:attachment":[{"href":"https:\/\/www.oc-jahorina.com\/en\/wp-json\/wp\/v2\/media?parent=7053"}],"wp:term":[{"taxonomy":"category","embeddable":true,"href":"https:\/\/www.oc-jahorina.com\/en\/wp-json\/wp\/v2\/categories?post=7053"},{"taxonomy":"post_tag","embeddable":true,"href":"https:\/\/www.oc-jahorina.com\/en\/wp-json\/wp\/v2\/tags?post=7053"}],"curies":[{"name":"wp","href":"https:\/\/api.w.org\/{rel}","templated":true}]}}