{"id":7102,"date":"2016-03-31T08:51:48","date_gmt":"2016-03-31T07:51:48","guid":{"rendered":"https:\/\/www.oc-jahorina.com\/?p=7102"},"modified":"2016-03-31T08:54:01","modified_gmt":"2016-03-31T07:54:01","slug":"najava-povezivanja-planinskih-centara-srbije-sa-republikom-srpskom","status":"publish","type":"post","link":"https:\/\/www.oc-jahorina.com\/en\/najava-povezivanja-planinskih-centara-srbije-sa-republikom-srpskom\/","title":{"rendered":"NAJAVA POVEZIVANJA PLANINSKIH CENTARA SRBIJE SA REPUBLIKOM SRPSKOM"},"content":{"rendered":"<p>Ministar trgovine i turizma u Vladi Republike Srpske Predrag Gluhakovi\u0107, direktor Olimpijskog centra Jahorina Velibor Lazarevi\u0107, vr\u0161ilac du\u017enosti Skijali\u0161ta Srbije Dejan Ljevnai\u0107 sa menad\u017ementom preduze\u0107a i predsednik Nadzornog odbora Skijali\u0161ta Srbije Vlada Krstivojevi\u0107 odr\u017eali su danas u Beogradu sastanak na temu potencijalnog preuzimanja OC Jahorina.<\/p>\n<p>Ministar trgovine i turizma u Vladi Republike Srpske Predrag Gluhakovi\u0107 predstavio je menad\u017eementu Skijali\u0161ta Srbije prijedlog i model eventualne saradnje i rekao da je ovo jo\u0161 jedan korak ka daljim pregovorima. \u201eDanas smo na sastanku predstavili mogu\u0107e metode koje bismo mogli da preduzmemo da do\u0111e do realizacije projekta. Sljede\u0107i korak je da se Vlada Republike Srbije i Vlada Republike Srpske upoznaju sa dosada\u0161njim pregovorima kako bismo do\u0161li do rje\u0161enja koje je u obostranom interesu\u201c, zaklju\u010dio je Guhakovi\u0107. On je istakao da bi Jahorina od Skijali\u0161ta Srbije dobila veliko iskustvo u rukovo\u0111enju i upravljanju ski centrima, kao i da bi ovakav zajedni\u010dki regionalni proizvod poja\u010dao u zna\u010dajnoj meri priliv turista.<\/p>\n<p>Vr\u0161ilac du\u017enosti direktora Skijali\u0161ta Srbije Dejan Ljevnai\u0107 rekao je da su upoznati sa situacijom u Olimpijskom centru Jahorina, trenutnim stanjem i rezultatima. \u201cSvakako dalji pregovori i realizacija bilo kakvog dogovora zavisi isklju\u010divo od dogovora dvije Vlade, Vlade Republike Srbije i Vlade Republike Srpske. Skijali\u0161ta Srbije su potpuno spremna da pomognu razvoju i unapre\u0111enju ovog ski centra, s obzirom na veliko iskustvo i znanje koje imamo, a \u0161to smo dosada\u0161njim radom i rezultatima pokazali\u201d, naglasio je Ljevnai\u0107. On je kazao da je zajedni\u010dka regionalna ponuda kao i dalje regionalno povezivanje Srbije i Republike Srpske od strate\u0161kog zna\u010daja. Govore\u0107i o daljim koracima, Ljevani\u0107 je rekao da \u0107e to biti predmet dogovora dve Vlade.<\/p>\n<p>Direktor OC Jahorine Velibor Lazarevi\u0107 naglasio je da ovaj centar ima odli\u010dnu saradnju sa Skijali\u0161tima Srbije i da je kruna tog odnosa memorandum kojim ski karte za Jahorinu va\u017ee u Srbiji i obrnuto. \u201cNadamo se da \u0107emo uspeti da dogovorimo realizaciju oko upravljanja Jahorinom kako bismo iskoristili sinergetski efekat Srbije i Republike Srpske\u201d, rekao je Lazarevi\u0107.<\/p>\n","protected":false},"excerpt":{"rendered":"<p>Ministar trgovine i turizma u Vladi Republike Srpske Predrag Gluhakovi\u0107, direktor Olimpijskog centra Jahorina Velibor Lazarevi\u0107, vr\u0161ilac du\u017enosti Skijali\u0161ta Srbije Dejan Ljevnai\u0107 sa menad\u017ementom preduze\u0107a i<span class=\"excerpt-hellip\"> [\u2026]<\/span><\/p>\n","protected":false},"author":2,"featured_media":7103,"comment_status":"closed","ping_status":"closed","sticky":false,"template":"","format":"standard","meta":{"_monsterinsights_skip_tracking":false,"_monsterinsights_sitenote_active":false,"_monsterinsights_sitenote_note":"","_monsterinsights_sitenote_category":0,"_price":"","_stock":"","_tribe_ticket_header":"","_tribe_default_ticket_provider":"","_ticket_start_date":"","_ticket_end_date":"","_tribe_ticket_show_description":"","_tribe_ticket_show_not_going":false,"_tribe_ticket_use_global_stock":"","_tribe_ticket_global_stock_level":"","_global_stock_mode":"","_global_stock_cap":"","_tribe_rsvp_for_event":"","_tribe_ticket_going_count":"","_tribe_ticket_not_going_count":"","_tribe_tickets_list":"[]","_tribe_ticket_has_attendee_info_fields":false,"footnotes":""},"categories":[31],"tags":[342,374],"class_list":["post-7102","post","type-post","status-publish","format-standard","has-post-thumbnail","hentry","category-vijesti","tag-olimpijski-centar-jahorina","tag-skijalista-srbije"],"_links":{"self":[{"href":"https:\/\/www.oc-jahorina.com\/en\/wp-json\/wp\/v2\/posts\/7102","targetHints":{"allow":["GET"]}}],"collection":[{"href":"https:\/\/www.oc-jahorina.com\/en\/wp-json\/wp\/v2\/posts"}],"about":[{"href":"https:\/\/www.oc-jahorina.com\/en\/wp-json\/wp\/v2\/types\/post"}],"author":[{"embeddable":true,"href":"https:\/\/www.oc-jahorina.com\/en\/wp-json\/wp\/v2\/users\/2"}],"replies":[{"embeddable":true,"href":"https:\/\/www.oc-jahorina.com\/en\/wp-json\/wp\/v2\/comments?post=7102"}],"version-history":[{"count":2,"href":"https:\/\/www.oc-jahorina.com\/en\/wp-json\/wp\/v2\/posts\/7102\/revisions"}],"predecessor-version":[{"id":7105,"href":"https:\/\/www.oc-jahorina.com\/en\/wp-json\/wp\/v2\/posts\/7102\/revisions\/7105"}],"wp:featuredmedia":[{"embeddable":true,"href":"https:\/\/www.oc-jahorina.com\/en\/wp-json\/wp\/v2\/media\/7103"}],"wp:attachment":[{"href":"https:\/\/www.oc-jahorina.com\/en\/wp-json\/wp\/v2\/media?parent=7102"}],"wp:term":[{"taxonomy":"category","embeddable":true,"href":"https:\/\/www.oc-jahorina.com\/en\/wp-json\/wp\/v2\/categories?post=7102"},{"taxonomy":"post_tag","embeddable":true,"href":"https:\/\/www.oc-jahorina.com\/en\/wp-json\/wp\/v2\/tags?post=7102"}],"curies":[{"name":"wp","href":"https:\/\/api.w.org\/{rel}","templated":true}]}}