{"id":7148,"date":"2016-04-18T11:32:18","date_gmt":"2016-04-18T10:32:18","guid":{"rendered":"https:\/\/www.oc-jahorina.com\/?p=7148"},"modified":"2016-04-18T11:37:03","modified_gmt":"2016-04-18T10:37:03","slug":"generalni-direktor-olimpijskog-centra-jahorina-posjetio-sajam-mountain-planet-u-grenoblu","status":"publish","type":"post","link":"https:\/\/www.oc-jahorina.com\/en\/generalni-direktor-olimpijskog-centra-jahorina-posjetio-sajam-mountain-planet-u-grenoblu\/","title":{"rendered":"GENERALNI DIREKTOR OLIMPIJSKOG  CENTRA JAHORINA VELIBOR LAZAREVI\u0106 POSJETIO SAJAM &#8220;MOUNTAIN PLANET&#8221; U GRENOBLU"},"content":{"rendered":"<p><\/p>\n<p><a href=\"https:\/\/www.oc-jahorina.com\/wp-content\/uploads\/2016\/04\/photo2-6.jpg\"><img fetchpriority=\"high\" decoding=\"async\" class=\"alignnone size-full wp-image-7149\" src=\"https:\/\/www.oc-jahorina.com\/wp-content\/uploads\/2016\/04\/photo2-6.jpg\" alt=\"photo2 (6)\" width=\"1280\" height=\"720\" srcset=\"https:\/\/www.oc-jahorina.com\/wp-content\/uploads\/2016\/04\/photo2-6.jpg 1280w, https:\/\/www.oc-jahorina.com\/wp-content\/uploads\/2016\/04\/photo2-6-300x169.jpg 300w, https:\/\/www.oc-jahorina.com\/wp-content\/uploads\/2016\/04\/photo2-6-768x432.jpg 768w, https:\/\/www.oc-jahorina.com\/wp-content\/uploads\/2016\/04\/photo2-6-1024x576.jpg 1024w\" sizes=\"(max-width:767px) 480px, (max-width:1280px) 100vw, 1280px\" \/><\/a><\/p>\n<p>&nbsp;<\/p>\n<p>Generalni direktor Olimpijskog centra Jahorina Velibor Lazarevi\u0107 \u00a0je posjetio me\u0111unarodni sajam razvoja planinskih centara &#8220;Mountain Planet&#8221; koji se odr\u017eao od 13. do 15.04.2016. godine u Grenoblu. Sajam okuplje sve profesionalce koji su uklju\u010deni u razvoj planinskih centara \u0161irom svijeta: ski saveze, ski centre, proizvo\u0111a\u010de ski opreme, \u017ei\u010dara i sistema za vje\u0161ta\u010dko osnje\u017eavanje, turisti\u010dke organizacije, marketin\u0161ke kompanije, konsultantske ku\u0107e, lokalne vlasti, istra\u017eiva\u010dke kompanije i potencijalne investitore.\u00a0<\/p>\n<p>Direktor Velibor Lazarevi\u0107 se sastao u Grenoblu sa biv\u0161im francuskim skija\u0161om i automobilistom Lik Alfanom (Luc Alphand) koji je debitovao u Svjetskom kupu 1984. godine i koji je najve\u0107i uspjeh ostvario u sezoni 1996\/97 osvajanjem velikog kristalnog globusa. U razgovoru sa Likom i mnogim druigim menad\u017eerima \u00a0svjetskih skija\u0161kih centara direktor Lazarevi\u0107 je razmijenio iskustva po pitanju razli\u010ditih modela upravljanja ski centrima i njihovog uvezivanja. \u00a0<\/p>\n<p>&nbsp;<\/p>\n<p><\/p>","protected":false},"excerpt":{"rendered":"<p>&nbsp; Generalni direktor Olimpijskog centra Jahorina Velibor Lazarevi\u0107 \u00a0je posjetio me\u0111unarodni sajam razvoja planinskih centara &#8220;Mountain Planet&#8221; koji se odr\u017eao od 13. do 15.04.2016. godine u<span class=\"excerpt-hellip\"> [\u2026]<\/span><\/p>\n","protected":false},"author":2,"featured_media":7150,"comment_status":"closed","ping_status":"closed","sticky":false,"template":"","format":"standard","meta":{"_monsterinsights_skip_tracking":false,"_monsterinsights_sitenote_active":false,"_monsterinsights_sitenote_note":"","_monsterinsights_sitenote_category":0,"_price":"","_stock":"","_tribe_ticket_header":"","_tribe_default_ticket_provider":"","_ticket_start_date":"","_ticket_end_date":"","_tribe_ticket_show_description":"","_tribe_ticket_show_not_going":false,"_tribe_ticket_use_global_stock":"","_tribe_ticket_global_stock_level":"","_global_stock_mode":"","_global_stock_cap":"","_tribe_rsvp_for_event":"","_tribe_ticket_going_count":"","_tribe_ticket_not_going_count":"","_tribe_tickets_list":"[]","_tribe_ticket_has_attendee_info_fields":false,"footnotes":""},"categories":[31],"tags":[],"class_list":["post-7148","post","type-post","status-publish","format-standard","has-post-thumbnail","hentry","category-vijesti"],"_links":{"self":[{"href":"https:\/\/www.oc-jahorina.com\/en\/wp-json\/wp\/v2\/posts\/7148","targetHints":{"allow":["GET"]}}],"collection":[{"href":"https:\/\/www.oc-jahorina.com\/en\/wp-json\/wp\/v2\/posts"}],"about":[{"href":"https:\/\/www.oc-jahorina.com\/en\/wp-json\/wp\/v2\/types\/post"}],"author":[{"embeddable":true,"href":"https:\/\/www.oc-jahorina.com\/en\/wp-json\/wp\/v2\/users\/2"}],"replies":[{"embeddable":true,"href":"https:\/\/www.oc-jahorina.com\/en\/wp-json\/wp\/v2\/comments?post=7148"}],"version-history":[{"count":3,"href":"https:\/\/www.oc-jahorina.com\/en\/wp-json\/wp\/v2\/posts\/7148\/revisions"}],"predecessor-version":[{"id":7154,"href":"https:\/\/www.oc-jahorina.com\/en\/wp-json\/wp\/v2\/posts\/7148\/revisions\/7154"}],"wp:featuredmedia":[{"embeddable":true,"href":"https:\/\/www.oc-jahorina.com\/en\/wp-json\/wp\/v2\/media\/7150"}],"wp:attachment":[{"href":"https:\/\/www.oc-jahorina.com\/en\/wp-json\/wp\/v2\/media?parent=7148"}],"wp:term":[{"taxonomy":"category","embeddable":true,"href":"https:\/\/www.oc-jahorina.com\/en\/wp-json\/wp\/v2\/categories?post=7148"},{"taxonomy":"post_tag","embeddable":true,"href":"https:\/\/www.oc-jahorina.com\/en\/wp-json\/wp\/v2\/tags?post=7148"}],"curies":[{"name":"wp","href":"https:\/\/api.w.org\/{rel}","templated":true}]}}