{"id":7156,"date":"2016-04-20T07:55:58","date_gmt":"2016-04-20T06:55:58","guid":{"rendered":"https:\/\/www.oc-jahorina.com\/?p=7156"},"modified":"2016-04-20T07:55:58","modified_gmt":"2016-04-20T06:55:58","slug":"prvi-ekonomski-forum-jahorina-2016","status":"publish","type":"post","link":"https:\/\/www.oc-jahorina.com\/en\/prvi-ekonomski-forum-jahorina-2016\/","title":{"rendered":"PRVI EKONOMSKI FORUM \u2013 JAHORINA 2016."},"content":{"rendered":"<p>\u00a0Ekonomski forum \u2013 Jahorina 2016., koji na Jahorini\u00a0organizuje Udru\u017eenje ekonomista Republike Srpske &#8220;SWOT\u201c pod pokroviteljstvom Predsjednika Republike Srpske, odr\u017ea\u0107e se od 20. &amp; 21.04.2016. godine.\u00a0<\/p>\n<p>Posljednja dekada obilje\u017eena je brojnim sna\u017enim tektonskim pomjeranjima i poreme\u0107ajima u globalnoj ekonomiji. U\u010destalost pomenutih promjena je tolika da su postale dio svakodnevnice s kojim moraju da ra\u010dunaju svi, pa i najmanje\u00a0 ekonomije poput na\u0161e. Pad i rast cijena nafte i brojnih drugih sirovina, poreme\u0107aji na valutnim tr\u017ei\u0161tima, fluktuacije berzanskih indeksa, sve ve\u0107i jaz izme\u0111u bogatih i siroma\u0161nih, nestajanje tradicionalnih i nastajanje nekih novih industrija, kao i migracioni procesi do danas nevi\u0111enih razmjera samo su neki od aktuelnih uzroka dana\u0161njih doga\u0111aja i kretanja u svjetskoj ekonomiji.<\/p>\n<p>Razumijevanje slo\u017eenih procesa u svijetu posebno je va\u017eno za male ekonomije poput Republike Srpske. \u00a0Pored pokrovitelja Foruma Predsjednika Republike Srpske, o\u010dekuje se i u\u010de\u0161\u0107e vi\u0161e od 250 predstavnika privrednika i ekonomista iz zemlje i okru\u017eenja, predstavnika institucija Republike Srpske, Bosne i Hercegovine, Srbije, Crne Gore, Hrvatske Gr\u010dke, Kine, Italije, Rusije, Njema\u010dke, \u0160vicarske, kao i predstavnika brojnih ambasada, investitora, finansijskih institucija i drugih.\u00a0<\/p>\n<p>Zna\u010daj dijaloga i razmjene iskustava i znanja o svjetskim ekonomskim prilikama i kretanjima prepoznala je i Vlada Republike Srpske koja tako\u0111e podr\u017eava Forum.<\/p>\n<p>U okviru panelu VI i\u00a0generalni direktor Olimpijskog centra Jahorina Velibor Lazarevi\u0107 \u0107e\u00a0imati izlaganje na temu\u00a0Turizam kao generator rasta i razvoja privrede Republike Srpske \u2013slu\u010daj Jahorina.\u00a0<\/p>\n","protected":false},"excerpt":{"rendered":"<p>\u00a0Ekonomski forum \u2013 Jahorina 2016., koji na Jahorini\u00a0organizuje Udru\u017eenje ekonomista Republike Srpske &#8220;SWOT\u201c pod pokroviteljstvom Predsjednika Republike Srpske, odr\u017ea\u0107e se od 20. &amp; 21.04.2016. godine.\u00a0 Posljednja<span class=\"excerpt-hellip\"> [\u2026]<\/span><\/p>\n","protected":false},"author":2,"featured_media":7157,"comment_status":"closed","ping_status":"closed","sticky":false,"template":"","format":"standard","meta":{"_monsterinsights_skip_tracking":false,"_monsterinsights_sitenote_active":false,"_monsterinsights_sitenote_note":"","_monsterinsights_sitenote_category":0,"_price":"","_stock":"","_tribe_ticket_header":"","_tribe_default_ticket_provider":"","_ticket_start_date":"","_ticket_end_date":"","_tribe_ticket_show_description":"","_tribe_ticket_show_not_going":false,"_tribe_ticket_use_global_stock":"","_tribe_ticket_global_stock_level":"","_global_stock_mode":"","_global_stock_cap":"","_tribe_rsvp_for_event":"","_tribe_ticket_going_count":"","_tribe_ticket_not_going_count":"","_tribe_tickets_list":"[]","_tribe_ticket_has_attendee_info_fields":false,"footnotes":""},"categories":[31],"tags":[],"class_list":["post-7156","post","type-post","status-publish","format-standard","has-post-thumbnail","hentry","category-vijesti"],"_links":{"self":[{"href":"https:\/\/www.oc-jahorina.com\/en\/wp-json\/wp\/v2\/posts\/7156","targetHints":{"allow":["GET"]}}],"collection":[{"href":"https:\/\/www.oc-jahorina.com\/en\/wp-json\/wp\/v2\/posts"}],"about":[{"href":"https:\/\/www.oc-jahorina.com\/en\/wp-json\/wp\/v2\/types\/post"}],"author":[{"embeddable":true,"href":"https:\/\/www.oc-jahorina.com\/en\/wp-json\/wp\/v2\/users\/2"}],"replies":[{"embeddable":true,"href":"https:\/\/www.oc-jahorina.com\/en\/wp-json\/wp\/v2\/comments?post=7156"}],"version-history":[{"count":1,"href":"https:\/\/www.oc-jahorina.com\/en\/wp-json\/wp\/v2\/posts\/7156\/revisions"}],"predecessor-version":[{"id":7158,"href":"https:\/\/www.oc-jahorina.com\/en\/wp-json\/wp\/v2\/posts\/7156\/revisions\/7158"}],"wp:featuredmedia":[{"embeddable":true,"href":"https:\/\/www.oc-jahorina.com\/en\/wp-json\/wp\/v2\/media\/7157"}],"wp:attachment":[{"href":"https:\/\/www.oc-jahorina.com\/en\/wp-json\/wp\/v2\/media?parent=7156"}],"wp:term":[{"taxonomy":"category","embeddable":true,"href":"https:\/\/www.oc-jahorina.com\/en\/wp-json\/wp\/v2\/categories?post=7156"},{"taxonomy":"post_tag","embeddable":true,"href":"https:\/\/www.oc-jahorina.com\/en\/wp-json\/wp\/v2\/tags?post=7156"}],"curies":[{"name":"wp","href":"https:\/\/api.w.org\/{rel}","templated":true}]}}