{"id":7159,"date":"2016-04-20T10:59:12","date_gmt":"2016-04-20T09:59:12","guid":{"rendered":"https:\/\/www.oc-jahorina.com\/?p=7159"},"modified":"2016-04-20T11:02:28","modified_gmt":"2016-04-20T10:02:28","slug":"jahorina-ultra-trail-team-u-istri-na-trci-svjetskog-kupa-utwt","status":"publish","type":"post","link":"https:\/\/www.oc-jahorina.com\/en\/jahorina-ultra-trail-team-u-istri-na-trci-svjetskog-kupa-utwt\/","title":{"rendered":"JAHORINA ULTRA-TRAIL TEAM U ISTRI NA TRCI SVJETSKOG KUPA (UTWT)"},"content":{"rendered":"<p>Proteklog vikenda je u Hrvatskoj po \u010detvrti put organizovano presti\u017eno takmi\u010denje u trail tr\u010danju 100 milja Istre na kojem je i petnaest takmi\u010dara okupljenih u Jahorina Ultra Trail Teamu u\u010destvovalo na trkama od 42, 69, 110 i 172 kilometra. Svi takmi\u010dari su uspje\u0161no zavr\u0161ili svoje trke doprinose\u0107i tako zajedni\u010dkom zbiru od ukupno 1.000 milja ili preko 1.600 kilometara istr\u010danih kroz istarske krajolike. Najuspje\u0161niji me\u0111u njima je bio Igor Yovanovitch Gil, \u00a0najbr\u017ei polumaratonac u Sarajevu, koji je stazu dugu 42 kilometra s 1.100 metara uspona i 1.200 metar spusta, istr\u010dao za 3h 42min.<br \/>\u00a0<br \/>\u201eNisam prvi put u Istri. Pro\u0161le godine sam u\u010destvovao na trci na 65 km i bio peti. Ove godine sam do\u0161ao spremniji i znao sam da je postolje moje. 100 milja Istre je trka koju prati sjajna atmosfera. Sve je odli\u010dno organizovano i rado se vra\u0107am tamo. Moja ekipa je bila izvrsna i drago mi je da na ovaj na\u010din mogu pomo\u0107i organizatorima Jahorina Ultra Traila u afirmaciji trail tr\u010danja u Bosni i Hercegovini i promociji jedinog bh takmi\u010denja u trailu\u201c, izjavio je Igor Yovanovitch Gil.<br \/>\u00a0<br \/>100 milja Istre je od ove godine trka Svjetrkog kupa, pa je samim tim i doga\u0111aj koji okuplja svjetsku trka\u010dku elitu ali ujedno daje priliku i rekreativcima zaljubljenim u trail tr\u010danje da se oprobaju u istim veoma zahtjevnim izazovima. Jo\u0161 jedna \u010dlanica Jahorina Ultra Trail Teama, Gordana Maksimovi\u0107 iz Novog Grada, je u Istri postigla rezultat vrijedan pa\u017enje. Trku na 110 kilometara s 4.470 m uspona i 4.480 spusta je zavr\u0161ila za 19h 17min u\u0161av\u0161i u cilj kao \u0161esta \u017eena u ukupnom plasmanu, odnosno, peta u svojoj kategoriji. Vladimir Pani\u0107, jo\u0161 jedan predstavnik Jahorina Ultra Traila, je istu stazu pretr\u010dao za 14h 50min stigav\u0161i u cilj kao deseti u ukupnom plasmanu i deveti u svojoj kategoriji.<br \/>\u00a0<br \/>Sanja Kavaz, selektorka Jahorina Ultra Trail Teama i direktorica trke Jahorina Ultra Trail, je i sama u\u010destvovala na najdu\u017eoj stazi od 172 kilomatra s 7.120 uspona i 7.400 spusta i zavr\u0161la je za 32h 58min kao 12 \u017eena u ukupnom plasmanu i tre\u0107a u svojoj kategoriji. O u\u010de\u0161\u0107u tima i promociji trke je izjavila: \u201eJako sam sre\u0107na \u0161to smo se uz podr\u0161ku Jelen piva i kompanije Grafo Balkan Tekstil uspjeli okupiti kao ekipa i postigli zapa\u017eene rezultate. <a name=\"_GoBack\"><\/a>Neki od nas su u Istri pobjedili druge na trci a neki su pobjedili sebe i to je ono \u0161to je va\u017eno i \u0161to nam je bio cilj. Mi smo svi prije svega rekreativci, imamo poslove i porodi\u010dne obaveze, ali svakako smo s mnogo strasti posve\u0107eni trail tr\u010danju pa je izvrsno kad jo\u0161 uz sve to ostvarimo dobre plasmane ili li\u010dna postignu\u0107a u sportu.\u201c<br \/>\u00a0<br \/>Osim takmi\u010darskih nastupa, Jahorina Ultra Trail je imao svoju promociju na sajmu sporta koji se istovremeno odvijao u Umagu na kojem je najavljeno drugo izdanje trke zakazano za 30-31.07.2016. godine koja \u0107e se odvijati izme\u0111u Sarajeva, Viso\u010dnika, Vi\u0161egrada i Jahorine.<\/p>\n","protected":false},"excerpt":{"rendered":"<p>Proteklog vikenda je u Hrvatskoj po \u010detvrti put organizovano presti\u017eno takmi\u010denje u trail tr\u010danju 100 milja Istre na kojem je i petnaest takmi\u010dara okupljenih u Jahorina<span class=\"excerpt-hellip\"> [\u2026]<\/span><\/p>\n","protected":false},"author":2,"featured_media":7160,"comment_status":"closed","ping_status":"closed","sticky":false,"template":"","format":"standard","meta":{"_monsterinsights_skip_tracking":false,"_monsterinsights_sitenote_active":false,"_monsterinsights_sitenote_note":"","_monsterinsights_sitenote_category":0,"_price":"","_stock":"","_tribe_ticket_header":"","_tribe_default_ticket_provider":"","_ticket_start_date":"","_ticket_end_date":"","_tribe_ticket_show_description":"","_tribe_ticket_show_not_going":false,"_tribe_ticket_use_global_stock":"","_tribe_ticket_global_stock_level":"","_global_stock_mode":"","_global_stock_cap":"","_tribe_rsvp_for_event":"","_tribe_ticket_going_count":"","_tribe_ticket_not_going_count":"","_tribe_tickets_list":"[]","_tribe_ticket_has_attendee_info_fields":false,"footnotes":""},"categories":[31],"tags":[],"class_list":["post-7159","post","type-post","status-publish","format-standard","has-post-thumbnail","hentry","category-vijesti"],"_links":{"self":[{"href":"https:\/\/www.oc-jahorina.com\/en\/wp-json\/wp\/v2\/posts\/7159","targetHints":{"allow":["GET"]}}],"collection":[{"href":"https:\/\/www.oc-jahorina.com\/en\/wp-json\/wp\/v2\/posts"}],"about":[{"href":"https:\/\/www.oc-jahorina.com\/en\/wp-json\/wp\/v2\/types\/post"}],"author":[{"embeddable":true,"href":"https:\/\/www.oc-jahorina.com\/en\/wp-json\/wp\/v2\/users\/2"}],"replies":[{"embeddable":true,"href":"https:\/\/www.oc-jahorina.com\/en\/wp-json\/wp\/v2\/comments?post=7159"}],"version-history":[{"count":2,"href":"https:\/\/www.oc-jahorina.com\/en\/wp-json\/wp\/v2\/posts\/7159\/revisions"}],"predecessor-version":[{"id":7163,"href":"https:\/\/www.oc-jahorina.com\/en\/wp-json\/wp\/v2\/posts\/7159\/revisions\/7163"}],"wp:featuredmedia":[{"embeddable":true,"href":"https:\/\/www.oc-jahorina.com\/en\/wp-json\/wp\/v2\/media\/7160"}],"wp:attachment":[{"href":"https:\/\/www.oc-jahorina.com\/en\/wp-json\/wp\/v2\/media?parent=7159"}],"wp:term":[{"taxonomy":"category","embeddable":true,"href":"https:\/\/www.oc-jahorina.com\/en\/wp-json\/wp\/v2\/categories?post=7159"},{"taxonomy":"post_tag","embeddable":true,"href":"https:\/\/www.oc-jahorina.com\/en\/wp-json\/wp\/v2\/tags?post=7159"}],"curies":[{"name":"wp","href":"https:\/\/api.w.org\/{rel}","templated":true}]}}