{"id":7205,"date":"2016-06-13T07:43:29","date_gmt":"2016-06-13T06:43:29","guid":{"rendered":"https:\/\/www.oc-jahorina.com\/?p=7205"},"modified":"2016-06-16T11:59:07","modified_gmt":"2016-06-16T10:59:07","slug":"jahorina-ultra-trail-2016-trka-izmedu-gradova-i-gora","status":"publish","type":"post","link":"https:\/\/www.oc-jahorina.com\/en\/jahorina-ultra-trail-2016-trka-izmedu-gradova-i-gora\/","title":{"rendered":"JAHORINA ULTRA TRAIL 2016 \u2013 TRKA IZME\u0110U GRADOVA I GORA"},"content":{"rendered":"<p><a href=\"https:\/\/www.oc-jahorina.com\/wp-content\/uploads\/2016\/06\/PRESS-1.jpg\"><img fetchpriority=\"high\" decoding=\"async\" class=\"alignnone size-full wp-image-7207\" src=\"https:\/\/www.oc-jahorina.com\/wp-content\/uploads\/2016\/06\/PRESS-1.jpg\" alt=\"PRESS\" width=\"1800\" height=\"1200\" srcset=\"https:\/\/www.oc-jahorina.com\/wp-content\/uploads\/2016\/06\/PRESS-1.jpg 1800w, https:\/\/www.oc-jahorina.com\/wp-content\/uploads\/2016\/06\/PRESS-1-300x200.jpg 300w, https:\/\/www.oc-jahorina.com\/wp-content\/uploads\/2016\/06\/PRESS-1-768x512.jpg 768w, https:\/\/www.oc-jahorina.com\/wp-content\/uploads\/2016\/06\/PRESS-1-1024x683.jpg 1024w\" sizes=\"(max-width:767px) 480px, (max-width:1800px) 100vw, 1800px\" \/><\/a><\/p>\n<p>&nbsp;<\/p>\n<p>Planinarsko dru\u0161tvo Javorina iz Isto\u010dnog Sarajeva i Ministarstvo porodice, omladine i sporta Republike Srpske su u petak, 10.06.2016. godine, \u00a0u Staklencu, u parku Petar Ko\u010di\u0107 u Banjaluci, odr\u017eali konferenciju za medije \u00a0na kojoj su najavili drugo izdanje Jahorina Ultra-Traila. Rije\u010d je o takmi\u010denju koje je Ministarstvo uvrstilo u Program sportskih manifestacija od zna\u010daja za Republiku Srpsku u okviru kojeg \u0107e se 30-31. jula, na stazama \u00a0u prirodi izme\u0111u \u00a0Vi\u0161egrada, Han-Pijeska, Sarajeva i Jahorine odr\u017eati \u010detiri trke razli\u010dite du\u017eine: Jelen Mini Trail (10 km), Midi Trail (33 km), Maxi Trail (84 km) i Ultra Trail (125 km).<\/p>\n<p>Staze na kojima \u0107e se trke odvijati su u okviru projekta Via Dinarica ozna\u010dene planinarskom markacijom i povezuju Vi\u0161egrad, Han-Pijesak i Sarajevo s Jahorinom. Uz prepoznatljive turisti\u010dke destinacije, \u00a0projekat Jahorina Ultra-Trail uvodi i manja mjesta poput Sjeme\u0107a \u00a0i Borika na mapu aktivnog turizma kao zna\u010dajne faktore koji kroz promociju prirodnih ljepota i afirmaciju outdoor i gastro ponude mogu zna\u010dajno doprinijeti lokalnom \u00a0razvoju. U\u00a0 cilju promocije \u00a0navedenih \u00a0lokaliteta i samog \u00a0takmi\u010denja, snimljene \u00a0su \u00a0i izra\u0111ene fotografije koje dokumentuju izuzetnu ljepotu isto\u010dne Republike Srpske koje su se uz prezentaciju projekta mogle vidjeti u Staklencu na izlo\u017ebi nazvanoj Stazama Via Dinarice. Projekat tako\u0111e podr\u017eava njema\u010dko federalno\u00a0 Ministarstvo za ekonomsku \u00a0saradnju kroz program ruralnog razvoja za region Drina-Tara koji implementiraju me\u0111uvladina organizacija SWG i GIZ.<\/p>\n<p>Osim ruralnog i odr\u017eivog razvoja, planinarsko dru\u0161tvo Javorina kao organizator takmi\u010denja,\u00a0 zajedno \u00a0s partnerima promovi\u0161e \u00a0zna\u010daj \u00a0o\u010duvanja \u00a0\u017eivotne \u00a0sredine s posebnim naglaskom na za\u0161titi \u00a0\u0161umskog fonda. U cilju za\u0161tite istog, Sanja Kavaz, predsjednica PD Javorina, \u00a0je najavila da \u0107e zajedno s kompanijom Molson Coors tokom priprema staza postaviti ekolo\u0161ke \u00a0poruke du\u017einom njihovih najfrekventnijih dijelova koje \u0107e \u0161eta\u010de, rekreativce i izletnike edukovati i pozivati na odgovorno pona\u0161anje u \u0161umi.<\/p>\n<p>Na prvom izdanju Jahorina Ultra-Traila u\u010destvovalo \u00a0je 270 takmi\u010dara iz 14 zemalja, dok je za ovogodi\u0161nje izdanje ne\u0161to manje od dva mjeseca pred trku prijavljeno ve\u0107 preko 200 takmi\u010dara iz 15 zemalja. \u201eNajve\u0107e interesovanje je trenutno za Midi Trail, trku koja po\u010dinje na Kozijoj stazi u Sarajevu i preko tri olimpijska borili\u0161ta, bob staze na Trebevi\u0107u, bijatlonske staze na Dvori\u0161tima i ski staze na Jahorini, vodi do cilja koji se nalazi ispred hotela Bistrica. Na ovaj na\u010din \u017eelimo posjetiocima i stranim u\u010desnicima pokazati i olimpijsko naslije\u0111e ali i zaboravljenim olimpijskim lokalitetima kroz trail tr\u010danje dati novi sadr\u017eaj. U cilju promocije ove staze, PD Javorina \u0107e \u00a0u subotu 18.06. za sve zainteresovane sportiste i rekreativce organizovati masovni izlazak na Trebevi\u0107 kako bismo im pomogli da se kvalitetno spreme za nastup na trci\u201c najavila je Sanja Kavaz.<\/p>\n<p>Organizator je ohrabrio sve rekreativce i sportiste koji vole izazov da se dodatno informi\u0161u o stazama putem njihove web stranice (www.jahorinatrail.com) te izvr\u0161e prijavu za JUT najkasnije do 15. jula 2016. godine.<\/p>\n<p>&nbsp;<\/p>\n","protected":false},"excerpt":{"rendered":"<p>&nbsp; Planinarsko dru\u0161tvo Javorina iz Isto\u010dnog Sarajeva i Ministarstvo porodice, omladine i sporta Republike Srpske su u petak, 10.06.2016. godine, \u00a0u Staklencu, u parku Petar Ko\u010di\u0107<span class=\"excerpt-hellip\"> [\u2026]<\/span><\/p>\n","protected":false},"author":2,"featured_media":7206,"comment_status":"closed","ping_status":"closed","sticky":false,"template":"","format":"standard","meta":{"_monsterinsights_skip_tracking":false,"_monsterinsights_sitenote_active":false,"_monsterinsights_sitenote_note":"","_monsterinsights_sitenote_category":0,"_price":"","_stock":"","_tribe_ticket_header":"","_tribe_default_ticket_provider":"","_ticket_start_date":"","_ticket_end_date":"","_tribe_ticket_show_description":"","_tribe_ticket_show_not_going":false,"_tribe_ticket_use_global_stock":"","_tribe_ticket_global_stock_level":"","_global_stock_mode":"","_global_stock_cap":"","_tribe_rsvp_for_event":"","_tribe_ticket_going_count":"","_tribe_ticket_not_going_count":"","_tribe_tickets_list":"[]","_tribe_ticket_has_attendee_info_fields":false,"footnotes":""},"categories":[31],"tags":[35,375,342,419],"class_list":["post-7205","post","type-post","status-publish","format-standard","has-post-thumbnail","hentry","category-vijesti","tag-jahorina","tag-jahorina-ultra-trail","tag-olimpijski-centar-jahorina","tag-pd-javorina"],"_links":{"self":[{"href":"https:\/\/www.oc-jahorina.com\/en\/wp-json\/wp\/v2\/posts\/7205","targetHints":{"allow":["GET"]}}],"collection":[{"href":"https:\/\/www.oc-jahorina.com\/en\/wp-json\/wp\/v2\/posts"}],"about":[{"href":"https:\/\/www.oc-jahorina.com\/en\/wp-json\/wp\/v2\/types\/post"}],"author":[{"embeddable":true,"href":"https:\/\/www.oc-jahorina.com\/en\/wp-json\/wp\/v2\/users\/2"}],"replies":[{"embeddable":true,"href":"https:\/\/www.oc-jahorina.com\/en\/wp-json\/wp\/v2\/comments?post=7205"}],"version-history":[{"count":3,"href":"https:\/\/www.oc-jahorina.com\/en\/wp-json\/wp\/v2\/posts\/7205\/revisions"}],"predecessor-version":[{"id":7215,"href":"https:\/\/www.oc-jahorina.com\/en\/wp-json\/wp\/v2\/posts\/7205\/revisions\/7215"}],"wp:featuredmedia":[{"embeddable":true,"href":"https:\/\/www.oc-jahorina.com\/en\/wp-json\/wp\/v2\/media\/7206"}],"wp:attachment":[{"href":"https:\/\/www.oc-jahorina.com\/en\/wp-json\/wp\/v2\/media?parent=7205"}],"wp:term":[{"taxonomy":"category","embeddable":true,"href":"https:\/\/www.oc-jahorina.com\/en\/wp-json\/wp\/v2\/categories?post=7205"},{"taxonomy":"post_tag","embeddable":true,"href":"https:\/\/www.oc-jahorina.com\/en\/wp-json\/wp\/v2\/tags?post=7205"}],"curies":[{"name":"wp","href":"https:\/\/api.w.org\/{rel}","templated":true}]}}