{"id":7278,"date":"2016-07-12T09:05:50","date_gmt":"2016-07-12T08:05:50","guid":{"rendered":"https:\/\/www.oc-jahorina.com\/?p=7278"},"modified":"2016-07-12T09:07:38","modified_gmt":"2016-07-12T08:07:38","slug":"otvoren-8-medjunarodni-fudbalski-kamp-crvene-zvezde-na-jahorini","status":"publish","type":"post","link":"https:\/\/www.oc-jahorina.com\/en\/otvoren-8-medjunarodni-fudbalski-kamp-crvene-zvezde-na-jahorini\/","title":{"rendered":"OTVOREN 8. MEDJUNARODNI FUDBALSKI KAMP CRVENE ZVEZDE NA JAHORINI"},"content":{"rendered":"<p><\/p>\n<p style=\"text-align: justify;\">Na Jahorini je danas ozvani\u010den po\u010detak rada 8.me\u0111unarodnog fudbalskog kampa FK \u201eCrvena zvezda\u201c, koji je okupio 63 mlada fudbalera, uzrasta od 9 do 17 godina.<\/p>\n<p>Predstavnik FK \u201eCrvena zvezda\u201c Slavoljub \u0110or\u0111evi\u0107 rekao je novinarima da ovaj fudbalski klub ve\u0107 \u0161estu godinu na Jahorini okuplja mlade talentovane fudbalere s dvostrukim ciljem \u2013 da oja\u010da brend \u201eCrvene zvezde\u201c me\u0111u svojim vjernim navija\u010dima, i da omogu\u0107i mladim ljudima, koji \u017eele da se bave fudbalom, da provjere svoja znanja i vje\u0161tine i, eventualno, i zaigraju u prvom timu ovog proslavljenog beogradskog fudbalskog kluba. <br \/>U hotelu \u201eBistrica\u201c, ovom prilikom, predstavljen je i album \u201eNebo se otvorilo &#8211; istorija &#8216;Crvene Zvezde&#8217; u sli\u010dicama 1945-2016\u201c i promovisani su turisti\u010dki potencijali olimpijske ljepotice Jahorine.<br \/>Organizatori kampa dodijelili su zahvalnicu legendarnom fudbaleru \u201eCrvene zvezde\u201c Vladimiru Petrovi\u0107u Pi\u017eonu, koja \u0107e mu biti naknadno uru\u010dena.<br \/>U\u010desnici konferencije za novinare pod nazivom &#8220;Mozaik zdravlja na Jahorini\u201c bili su predstavnici FK Crvene zvezde, Unis\/Tursa Banjaluka, Olimpijskog centra Jahorina, Udru\u017eenja &#8220;Mozaik zdravlja&#8221;, TC Grupa Beograd, kao i mladi fudbaleri iz Republike Srpske, Srbije i svijeta, te brojni sportski i turisti\u010dki radnici.<\/p>\n<p><\/p>","protected":false},"excerpt":{"rendered":"<p>Na Jahorini je danas ozvani\u010den po\u010detak rada 8.me\u0111unarodnog fudbalskog kampa FK \u201eCrvena zvezda\u201c, koji je okupio 63 mlada fudbalera, uzrasta od 9 do 17 godina. Predstavnik<span class=\"excerpt-hellip\"> [\u2026]<\/span><\/p>\n","protected":false},"author":2,"featured_media":7277,"comment_status":"closed","ping_status":"closed","sticky":false,"template":"","format":"standard","meta":{"_monsterinsights_skip_tracking":false,"_monsterinsights_sitenote_active":false,"_monsterinsights_sitenote_note":"","_monsterinsights_sitenote_category":0,"_price":"","_stock":"","_tribe_ticket_header":"","_tribe_default_ticket_provider":"","_ticket_start_date":"","_ticket_end_date":"","_tribe_ticket_show_description":"","_tribe_ticket_show_not_going":false,"_tribe_ticket_use_global_stock":"","_tribe_ticket_global_stock_level":"","_global_stock_mode":"","_global_stock_cap":"","_tribe_rsvp_for_event":"","_tribe_ticket_going_count":"","_tribe_ticket_not_going_count":"","_tribe_tickets_list":"[]","_tribe_ticket_has_attendee_info_fields":false,"footnotes":""},"categories":[31],"tags":[],"class_list":["post-7278","post","type-post","status-publish","format-standard","has-post-thumbnail","hentry","category-vijesti"],"_links":{"self":[{"href":"https:\/\/www.oc-jahorina.com\/en\/wp-json\/wp\/v2\/posts\/7278","targetHints":{"allow":["GET"]}}],"collection":[{"href":"https:\/\/www.oc-jahorina.com\/en\/wp-json\/wp\/v2\/posts"}],"about":[{"href":"https:\/\/www.oc-jahorina.com\/en\/wp-json\/wp\/v2\/types\/post"}],"author":[{"embeddable":true,"href":"https:\/\/www.oc-jahorina.com\/en\/wp-json\/wp\/v2\/users\/2"}],"replies":[{"embeddable":true,"href":"https:\/\/www.oc-jahorina.com\/en\/wp-json\/wp\/v2\/comments?post=7278"}],"version-history":[{"count":2,"href":"https:\/\/www.oc-jahorina.com\/en\/wp-json\/wp\/v2\/posts\/7278\/revisions"}],"predecessor-version":[{"id":7280,"href":"https:\/\/www.oc-jahorina.com\/en\/wp-json\/wp\/v2\/posts\/7278\/revisions\/7280"}],"wp:featuredmedia":[{"embeddable":true,"href":"https:\/\/www.oc-jahorina.com\/en\/wp-json\/wp\/v2\/media\/7277"}],"wp:attachment":[{"href":"https:\/\/www.oc-jahorina.com\/en\/wp-json\/wp\/v2\/media?parent=7278"}],"wp:term":[{"taxonomy":"category","embeddable":true,"href":"https:\/\/www.oc-jahorina.com\/en\/wp-json\/wp\/v2\/categories?post=7278"},{"taxonomy":"post_tag","embeddable":true,"href":"https:\/\/www.oc-jahorina.com\/en\/wp-json\/wp\/v2\/tags?post=7278"}],"curies":[{"name":"wp","href":"https:\/\/api.w.org\/{rel}","templated":true}]}}