{"id":7290,"date":"2016-07-25T09:18:47","date_gmt":"2016-07-25T08:18:47","guid":{"rendered":"https:\/\/www.oc-jahorina.com\/?p=7290"},"modified":"2016-08-01T11:17:56","modified_gmt":"2016-08-01T10:17:56","slug":"preko-350-takmicara-iz-21-zemlje-zaintereseovano-za-trail-trku","status":"publish","type":"post","link":"https:\/\/www.oc-jahorina.com\/en\/preko-350-takmicara-iz-21-zemlje-zaintereseovano-za-trail-trku\/","title":{"rendered":"PREKO 350 TAKMI\u010cARA IZ 21 ZEMLJE ZAINTERESEOVANO ZA TRAIL TRKU"},"content":{"rendered":"<p><a href=\"https:\/\/www.oc-jahorina.com\/wp-content\/uploads\/2016\/07\/DSC_0021.jpg\"><img fetchpriority=\"high\" decoding=\"async\" class=\"alignnone size-full wp-image-7292\" src=\"https:\/\/www.oc-jahorina.com\/wp-content\/uploads\/2016\/07\/DSC_0021.jpg\" alt=\"DSC_0021\" width=\"3872\" height=\"2592\" srcset=\"https:\/\/www.oc-jahorina.com\/wp-content\/uploads\/2016\/07\/DSC_0021.jpg 3872w, https:\/\/www.oc-jahorina.com\/wp-content\/uploads\/2016\/07\/DSC_0021-300x201.jpg 300w, https:\/\/www.oc-jahorina.com\/wp-content\/uploads\/2016\/07\/DSC_0021-768x514.jpg 768w, https:\/\/www.oc-jahorina.com\/wp-content\/uploads\/2016\/07\/DSC_0021-1024x685.jpg 1024w\" sizes=\"(max-width:767px) 480px, (max-width:3872px) 100vw, 3872px\" \/><\/a><\/p>\n<p>Planinarsko dru\u0161tvo Jahorina i Olimpijski komitet Bosne i Hercegovine su u prostorijama Olimpijskog komiteta BiH odr\u017eali konferenciju za medije na kojoj je najavljeno drugo izdanje Jahorina Ultra-Traila.<\/p>\n<div id=\"__xclaimwords_wrapper\">\n<p>Ovom prilikom informisali su javnost\u00a0o rezultatima vi\u0161emjese\u010dnih priprema koje su prethodile ovoj manifestaciji.<\/p>\n<p>Rije\u010d je o me\u0111unarodnom takmi\u010denju podr\u017eanom od strane Olimpijskog komiteta BiH a u okviru kojeg \u0107e se 30-31. jula, na stazama u prirodi, izme\u0111u Sarajeva, Han-Pijeska, Vi\u0161egrada i Jahorine odr\u017eati \u010detiri trke razli\u010dite du\u017eine: Jelen MiniTrail (10 km), MidiTrail (33 km), MaxiTrail (84 km) i Ultra Trail (125 km).<\/p>\n<p>Za u\u010de\u0161\u0107e na drugom izdanju Jahorina Ultra-Traila do sada je prijavljeno preko 350 takmi\u010dara iz 21 zemlje.<\/p>\n<p>Najve\u0107e interesovanje je trenutno za Midi Trail, trku koja po\u010dinje na Kozijoj \u0107upriji u Sarajevu i preko tri olimpijska borili\u0161ta (bob staza, bijatlonska staza na Dvori\u0161tima i ski staza na Jahorini) vodi do cilja koji se nalazi ispred hotela Bistrica.<\/p>\n<p>Kako je istaknuto na konferenciji, cilj organizatora je da na ovaj na\u010din posjetiocima i stranim u\u010desnicima osim prirodnog, istorijskog i kulturnog, poka\u017eu i olimpijsko naslije\u0111e ali i da zaboravljenim olimpijskim lokalitetima kroz trail tr\u010danje daju novi sadr\u017eaj.<\/p>\n<p>\u201eOlimpijski komitet Bosne i Hercegovine je i pored velikih obaveza oko priprema za Olimpijske igre u Riju, sa zadovoljstvom prihvatio ponudu da bude specijalni partner na projektu Jahorina Ultra Trail koji iz godine u godinu raste kao sportska manifestacija i postaje regionalni brend.<\/p>\n<p>Ova olimpijska trka, koja povezuje mlade kao i sportiste iz cijele Bosne i Hercegovine, je u direktnoj korelaciji sa olimpijskim vrijednostima prijateljstva, po\u017ertvovanja i izvrsnosti\u00a0\u0161to predstavlja dodatni motiv da Olimpijski komitet Bosne i Hercegovine postane tradicionalni partner ove trke i manifestacije&#8221; izjavio je<strong> Said Fazlagi\u0107<\/strong>, generalni sekretar Olimpijskog komiteta BiH.<\/p>\n<p><strong>Sanja Kavaz<\/strong>, direktorica trke, se ispred Planinarskog dru\u0161tva Javorina zahvalila Olimpijskom komitetu BiH i svim partnerima i sponzorima koji su podr\u017eali projekat te istakla da posebnu zahvalnost duguje \u010dlanovima lokalnih planinarskih dru\u0161tava, savjetima mladih, lokalnim organizacijama crvenog krsta, pojedincima i volonterima koji vise od \u0161est mjeseci nesebi\u010dno i svakodnevno doprinose pripremi takmi\u010denja te dodala: ,,Na\u0161 cilj je kroz projekat promovisati zdrav \u017eivot, na\u0161e planine kao idealne destinacije za aktivan odmor, razvijati turisti\u010dku ponudu ali i podizati svijest o zna\u010daju za\u0161tite \u017eivotne sredine.Mi smo spona izme\u0111u gradova i gora ali i ljudi koji \u017eele kroz aktivan odmor upoznati nove destinacije, upustiti se u sportske izazove i avanture u prirodi&#8221;.<\/p>\n<p>Stru\u010dni saradnik Olimpijskog centra Jahorina, <strong>Ivana Lizdek<\/strong>, je pozvala izletnike, bicikliste i zaljubljenike u prirodu da posjete Jahorinu 30. i 31. jula jer su doma\u0107ini tog vikenda spremili i druge sadr\u017eaje te obe\u0107ali dobru zabavu.<\/p>\n<\/div>\n","protected":false},"excerpt":{"rendered":"<p>Planinarsko dru\u0161tvo Jahorina i Olimpijski komitet Bosne i Hercegovine su u prostorijama Olimpijskog komiteta BiH odr\u017eali konferenciju za medije na kojoj je najavljeno drugo izdanje Jahorina<span class=\"excerpt-hellip\"> [\u2026]<\/span><\/p>\n","protected":false},"author":2,"featured_media":7292,"comment_status":"closed","ping_status":"closed","sticky":false,"template":"","format":"standard","meta":{"_monsterinsights_skip_tracking":false,"_monsterinsights_sitenote_active":false,"_monsterinsights_sitenote_note":"","_monsterinsights_sitenote_category":0,"_price":"","_stock":"","_tribe_ticket_header":"","_tribe_default_ticket_provider":"","_ticket_start_date":"","_ticket_end_date":"","_tribe_ticket_show_description":"","_tribe_ticket_show_not_going":false,"_tribe_ticket_use_global_stock":"","_tribe_ticket_global_stock_level":"","_global_stock_mode":"","_global_stock_cap":"","_tribe_rsvp_for_event":"","_tribe_ticket_going_count":"","_tribe_ticket_not_going_count":"","_tribe_tickets_list":"[]","_tribe_ticket_has_attendee_info_fields":false,"footnotes":""},"categories":[31],"tags":[375,342,420],"class_list":["post-7290","post","type-post","status-publish","format-standard","has-post-thumbnail","hentry","category-vijesti","tag-jahorina-ultra-trail","tag-olimpijski-centar-jahorina","tag-olimpijski-komitet-bih"],"_links":{"self":[{"href":"https:\/\/www.oc-jahorina.com\/en\/wp-json\/wp\/v2\/posts\/7290","targetHints":{"allow":["GET"]}}],"collection":[{"href":"https:\/\/www.oc-jahorina.com\/en\/wp-json\/wp\/v2\/posts"}],"about":[{"href":"https:\/\/www.oc-jahorina.com\/en\/wp-json\/wp\/v2\/types\/post"}],"author":[{"embeddable":true,"href":"https:\/\/www.oc-jahorina.com\/en\/wp-json\/wp\/v2\/users\/2"}],"replies":[{"embeddable":true,"href":"https:\/\/www.oc-jahorina.com\/en\/wp-json\/wp\/v2\/comments?post=7290"}],"version-history":[{"count":2,"href":"https:\/\/www.oc-jahorina.com\/en\/wp-json\/wp\/v2\/posts\/7290\/revisions"}],"predecessor-version":[{"id":7294,"href":"https:\/\/www.oc-jahorina.com\/en\/wp-json\/wp\/v2\/posts\/7290\/revisions\/7294"}],"wp:featuredmedia":[{"embeddable":true,"href":"https:\/\/www.oc-jahorina.com\/en\/wp-json\/wp\/v2\/media\/7292"}],"wp:attachment":[{"href":"https:\/\/www.oc-jahorina.com\/en\/wp-json\/wp\/v2\/media?parent=7290"}],"wp:term":[{"taxonomy":"category","embeddable":true,"href":"https:\/\/www.oc-jahorina.com\/en\/wp-json\/wp\/v2\/categories?post=7290"},{"taxonomy":"post_tag","embeddable":true,"href":"https:\/\/www.oc-jahorina.com\/en\/wp-json\/wp\/v2\/tags?post=7290"}],"curies":[{"name":"wp","href":"https:\/\/api.w.org\/{rel}","templated":true}]}}